{"id":3520,"date":"2014-04-09T08:04:11","date_gmt":"2014-04-09T06:04:11","guid":{"rendered":"https:\/\/tri.gwannon.com\/hildako-emakumeek-ez-dute-axola\/"},"modified":"2014-04-09T08:04:11","modified_gmt":"2014-04-09T06:04:11","slug":"hildako-emakumeek-ez-dute-axola","status":"publish","type":"post","link":"https:\/\/portuigualdad.com\/eu\/hildako-emakumeek-ez-dute-axola\/","title":{"rendered":"Hildako emakumeek ez dute axola"},"content":{"rendered":"<p>eldiario.es<\/p>\n<p>Jos\u00e9 Mar\u00eda Calleja<\/p>\n<p>Las 25 mujeres asesinadas por 25 hombres en lo que llevamos de a\u00f1o en Espa\u00f1a, merecen el puesto 22 en la lista de preocupaciones de los espa\u00f1oles, seg\u00fan la \u00faltima encuesta del CIS.<\/p>\n<p>No s\u00e9 cu\u00e1ntas mujeres m\u00e1s tienen que ser asesinadas por hombres para que este inmenso y sangrante problema sea percibido por los espa\u00f1oles como uno de los m\u00e1s graves que tenemos en el pa\u00eds.<\/p>\n<p>Esta desconsideraci\u00f3n respecto de la envergadura de una matanza que se ha llevado por delante la vida de m\u00e1s de setecientas mujeres en los \u00faltimos diez a\u00f1os, tiene que ver no solo con una tradici\u00f3n cultural arraigadamente machista en nuestro pa\u00eds, tambi\u00e9n se debe a una posici\u00f3n tolerante, no beligerante desde luego, por parte del actual Gobierno y de los grupos ideol\u00f3gicos a los que representa.<\/p>\n<p>Ha tenido que producirse una concentraci\u00f3n de cuatro cr\u00edmenes en 48 horas para que el Gobierno del silente se haya dado por enterado y haya montado una reuni\u00f3n de tres ministros \u2013Mato Gallard\u00f3n, D\u00edaz- que no han sido capaces de salir a informar a los ciudadanos de sus conclusiones y han ventilado el asunto con una nota de prensa.<\/p>\n<p>En 2004 se aprob\u00f3 la Ley contra la Violencia de G\u00e9nero y se cre\u00f3 un Ministerio de Igualdad del que hac\u00eda chistes y mofa Esperanza Aguirre, entre otros dirigentes del PP .<\/p>\n<p>A pesar del enorme avance en la lucha contra la Violencia machista que supuso aprobar esa ley &#8211;sin precedentes en nuestro pa\u00eds y mod\u00e9lica para otros pa\u00edses europeos&#8211;, lo cierto es que hoy el terror que sufren las mujeres es, en buena parte de los casos, todav\u00eda clandestino.<\/p>\n<p>Los medios de comunicaci\u00f3n no hemos sido capaces de narrar adecuadamente las historias de mujeres que habr\u00e1n decidido resignarse a seguir soportando el maltrato en silencio porque la crisis econ\u00f3mica les ha cerrado a\u00fan m\u00e1s las salidas a esa tortura.<\/p>\n<p>Se suele repetir que la mujer asesinada no hab\u00eda denunciado maltrato antes de ser asesinada y a veces parece que se quiere dar a entender que ese silencio culpabiliza a la mujer. Culpabiliza doblemente a la mujer, cuando el \u00fanico culpable es el asesino.<\/p>\n<p>Lo cierto es que el miedo puede resultar paralizante, narcotizante. Hace poco hemos visto como una mujer jueza vivi\u00f3 varios a\u00f1os y tuvo dos hijos con su marido, maltratador desde los primeros meses de matrimonio. Una mujer jueza que sin duda sab\u00eda que lo que le hac\u00eda su marido era delito, que sufr\u00eda palizas cuando estaba embarazada y que sigui\u00f3 con \u00e9l hasta que no pudo m\u00e1s. Esa mujer al menos ten\u00eda un trabajo fijo y un buen sueldo. Pero \u00bfcu\u00e1ntas mujeres habr\u00e1n pasado por las mismas torturas y las habr\u00e1n sufrido en silencio, sin atreverse a denunciar ni, desde luego, a romper una relaci\u00f3n t\u00f3xica, a abandonar el lugar de ese crimen cotidiano?<\/p>\n<p>Las organizaciones que trabajan con las mujeres sostienen que el actual gobierno ha recortado en un 28 por ciento el dinero que se empleaba antes para luchar contra la Violencia de G\u00e9nero.<\/p>\n<p>Los tres ministros que se han reunido para hablar del asunto ante la reiteraci\u00f3n de asesinatos son: Ana Mato, que a\u00fan habla de violencia dom\u00e9stica y mantiene como coartada machista el papel de mujer que no se entera de nada; Alberto Ru\u00edz Gallard\u00f3n, que sostiene que el aborto es Violencia de G\u00e9nero &#8220;estructural&#8221; y no derecho de la mujer a decidir sobre su cuerpo; y Jorge Fern\u00e1ndez D\u00edaz, que entre misa y misa, anuncia que los matrimonios entre hombres y los matrimonios entre mujeres acabar\u00e1n con la especie humana. Esto por citar s\u00f3lo una frase de cada uno. Tienen numerosas de muestras de machismo, los tres, y no se les conocen declaraciones beligerantes contra el terror que sufren las mujeres.<\/p>\n<p>Los tres ministros no han tenido tiempo, al parecer, para reunirse con las organizaciones de mujeres que llevan a\u00f1os luchando para que no haya m\u00e1s v\u00edctimas por Violencia de G\u00e9nero, algunas de ellas despu\u00e9s de haberla sufrido.<\/p>\n<p>No han hablado los ministros de poner un euro en la lucha contra estos asesinatos y han establecido que sean los juzgados especializados en Violencia de G\u00e9nero los que procesen a los agresores que rompan las ordenes de protecci\u00f3n de las mujeres. Tan aficionados los tres ministros a salir ante los medios para otros asuntos que no causan tantas muertes, aqu\u00ed no han querido dar la cara.<\/p>\n<p>25 mujeres asesinadas son una multitud y que esta matanza figure en el puesto 22 de las preocupaciones de los espa\u00f1oles, un reflejo de que a pesar de lo mucho avanzado, los ciudadanos, los pol\u00edticos del Gobierno y algunos medios de comunicaci\u00f3n, con honrosas excepciones, no hemos entendido a\u00fan la gravedad de estos asesinatos, la gravedad del problema que reflejan.<\/p>\n","protected":false},"excerpt":{"rendered":"<p>eldiario.es Jos\u00e9 Mar\u00eda Calleja Las 25 mujeres asesinadas por 25 hombres en lo que llevamos de a\u00f1o en Espa\u00f1a, merecen&hellip;<\/p>\n","protected":false},"author":1,"featured_media":0,"comment_status":"closed","ping_status":"closed","sticky":false,"template":"","format":"standard","meta":{"_acf_changed":false,"footnotes":""},"categories":[],"tags":[],"class_list":["post-3520","post","type-post","status-publish","format-standard","hentry","description-off"],"acf":[],"yoast_head":"<!-- This site is optimized with the Yoast SEO plugin v26.6 - https:\/\/yoast.com\/wordpress\/plugins\/seo\/ -->\n<title>Hildako emakumeek ez dute axola - Portuigualdad<\/title>\n<meta name=\"robots\" content=\"index, follow, max-snippet:-1, max-image-preview:large, max-video-preview:-1\" \/>\n<link rel=\"canonical\" href=\"https:\/\/portuigualdad.com\/las-mujeres-asesinadas-no-importan\/\" \/>\n<meta property=\"og:locale\" content=\"eu_ES\" \/>\n<meta property=\"og:type\" content=\"article\" \/>\n<meta property=\"og:title\" content=\"Hildako emakumeek ez dute axola - Portuigualdad\" \/>\n<meta property=\"og:description\" content=\"eldiario.es Jos\u00e9 Mar\u00eda Calleja Las 25 mujeres asesinadas por 25 hombres en lo que llevamos de a\u00f1o en Espa\u00f1a, merecen&hellip;\" \/>\n<meta property=\"og:url\" content=\"https:\/\/portuigualdad.com\/las-mujeres-asesinadas-no-importan\/\" \/>\n<meta property=\"og:site_name\" content=\"Portuigualdad\" \/>\n<meta property=\"article:published_time\" content=\"2014-04-09T06:04:11+00:00\" \/>\n<meta name=\"author\" content=\"portu\" \/>\n<meta name=\"twitter:card\" content=\"summary_large_image\" \/>\n<meta name=\"twitter:label1\" content=\"Written by\" \/>\n\t<meta name=\"twitter:data1\" content=\"portu\" \/>\n\t<meta name=\"twitter:label2\" content=\"Est. reading time\" \/>\n\t<meta name=\"twitter:data2\" content=\"4 minutes\" \/>\n<script type=\"application\/ld+json\" class=\"yoast-schema-graph\">{\"@context\":\"https:\/\/schema.org\",\"@graph\":[{\"@type\":\"WebPage\",\"@id\":\"https:\/\/portuigualdad.com\/las-mujeres-asesinadas-no-importan\/\",\"url\":\"https:\/\/portuigualdad.com\/las-mujeres-asesinadas-no-importan\/\",\"name\":\"Hildako emakumeek ez dute axola - Portuigualdad\",\"isPartOf\":{\"@id\":\"https:\/\/portuigualdad.com\/#website\"},\"datePublished\":\"2014-04-09T06:04:11+00:00\",\"author\":{\"@id\":\"https:\/\/portuigualdad.com\/#\/schema\/person\/37f980962efe746f5d1ee52ec9b7f7e8\"},\"breadcrumb\":{\"@id\":\"https:\/\/portuigualdad.com\/las-mujeres-asesinadas-no-importan\/#breadcrumb\"},\"inLanguage\":\"eu-ES\",\"potentialAction\":[{\"@type\":\"ReadAction\",\"target\":[\"https:\/\/portuigualdad.com\/las-mujeres-asesinadas-no-importan\/\"]}]},{\"@type\":\"BreadcrumbList\",\"@id\":\"https:\/\/portuigualdad.com\/las-mujeres-asesinadas-no-importan\/#breadcrumb\",\"itemListElement\":[{\"@type\":\"ListItem\",\"position\":1,\"name\":\"Portada\",\"item\":\"https:\/\/portuigualdad.com\/eu\/portada-es\/\"},{\"@type\":\"ListItem\",\"position\":2,\"name\":\"Hildako emakumeek ez dute axola\"}]},{\"@type\":\"WebSite\",\"@id\":\"https:\/\/portuigualdad.com\/#website\",\"url\":\"https:\/\/portuigualdad.com\/\",\"name\":\"Portuigualdad\",\"description\":\"\",\"potentialAction\":[{\"@type\":\"SearchAction\",\"target\":{\"@type\":\"EntryPoint\",\"urlTemplate\":\"https:\/\/portuigualdad.com\/?s={search_term_string}\"},\"query-input\":{\"@type\":\"PropertyValueSpecification\",\"valueRequired\":true,\"valueName\":\"search_term_string\"}}],\"inLanguage\":\"eu-ES\"},{\"@type\":\"Person\",\"@id\":\"https:\/\/portuigualdad.com\/#\/schema\/person\/37f980962efe746f5d1ee52ec9b7f7e8\",\"name\":\"portu\",\"image\":{\"@type\":\"ImageObject\",\"inLanguage\":\"eu-ES\",\"@id\":\"https:\/\/portuigualdad.com\/#\/schema\/person\/image\/\",\"url\":\"https:\/\/secure.gravatar.com\/avatar\/1f2964101ce3d20ebe3da1724a01ea3c0a62f07d2f3b3bf00b4c8f170a08e638?s=96&d=mm&r=g\",\"contentUrl\":\"https:\/\/secure.gravatar.com\/avatar\/1f2964101ce3d20ebe3da1724a01ea3c0a62f07d2f3b3bf00b4c8f170a08e638?s=96&d=mm&r=g\",\"caption\":\"portu\"},\"sameAs\":[\"http:\/\/dev.portuigualdad.com\"],\"url\":\"https:\/\/portuigualdad.com\/eu\/author\/portu\/\"}]}<\/script>\n<!-- \/ Yoast SEO plugin. -->","yoast_head_json":{"title":"Hildako emakumeek ez dute axola - Portuigualdad","robots":{"index":"index","follow":"follow","max-snippet":"max-snippet:-1","max-image-preview":"max-image-preview:large","max-video-preview":"max-video-preview:-1"},"canonical":"https:\/\/portuigualdad.com\/las-mujeres-asesinadas-no-importan\/","og_locale":"eu_ES","og_type":"article","og_title":"Hildako emakumeek ez dute axola - Portuigualdad","og_description":"eldiario.es Jos\u00e9 Mar\u00eda Calleja Las 25 mujeres asesinadas por 25 hombres en lo que llevamos de a\u00f1o en Espa\u00f1a, merecen&hellip;","og_url":"https:\/\/portuigualdad.com\/las-mujeres-asesinadas-no-importan\/","og_site_name":"Portuigualdad","article_published_time":"2014-04-09T06:04:11+00:00","author":"portu","twitter_card":"summary_large_image","twitter_misc":{"Written by":"portu","Est. reading time":"4 minutes"},"schema":{"@context":"https:\/\/schema.org","@graph":[{"@type":"WebPage","@id":"https:\/\/portuigualdad.com\/las-mujeres-asesinadas-no-importan\/","url":"https:\/\/portuigualdad.com\/las-mujeres-asesinadas-no-importan\/","name":"Hildako emakumeek ez dute axola - Portuigualdad","isPartOf":{"@id":"https:\/\/portuigualdad.com\/#website"},"datePublished":"2014-04-09T06:04:11+00:00","author":{"@id":"https:\/\/portuigualdad.com\/#\/schema\/person\/37f980962efe746f5d1ee52ec9b7f7e8"},"breadcrumb":{"@id":"https:\/\/portuigualdad.com\/las-mujeres-asesinadas-no-importan\/#breadcrumb"},"inLanguage":"eu-ES","potentialAction":[{"@type":"ReadAction","target":["https:\/\/portuigualdad.com\/las-mujeres-asesinadas-no-importan\/"]}]},{"@type":"BreadcrumbList","@id":"https:\/\/portuigualdad.com\/las-mujeres-asesinadas-no-importan\/#breadcrumb","itemListElement":[{"@type":"ListItem","position":1,"name":"Portada","item":"https:\/\/portuigualdad.com\/eu\/portada-es\/"},{"@type":"ListItem","position":2,"name":"Hildako emakumeek ez dute axola"}]},{"@type":"WebSite","@id":"https:\/\/portuigualdad.com\/#website","url":"https:\/\/portuigualdad.com\/","name":"Portuigualdad","description":"","potentialAction":[{"@type":"SearchAction","target":{"@type":"EntryPoint","urlTemplate":"https:\/\/portuigualdad.com\/?s={search_term_string}"},"query-input":{"@type":"PropertyValueSpecification","valueRequired":true,"valueName":"search_term_string"}}],"inLanguage":"eu-ES"},{"@type":"Person","@id":"https:\/\/portuigualdad.com\/#\/schema\/person\/37f980962efe746f5d1ee52ec9b7f7e8","name":"portu","image":{"@type":"ImageObject","inLanguage":"eu-ES","@id":"https:\/\/portuigualdad.com\/#\/schema\/person\/image\/","url":"https:\/\/secure.gravatar.com\/avatar\/1f2964101ce3d20ebe3da1724a01ea3c0a62f07d2f3b3bf00b4c8f170a08e638?s=96&d=mm&r=g","contentUrl":"https:\/\/secure.gravatar.com\/avatar\/1f2964101ce3d20ebe3da1724a01ea3c0a62f07d2f3b3bf00b4c8f170a08e638?s=96&d=mm&r=g","caption":"portu"},"sameAs":["http:\/\/dev.portuigualdad.com"],"url":"https:\/\/portuigualdad.com\/eu\/author\/portu\/"}]}},"_links":{"self":[{"href":"https:\/\/portuigualdad.com\/eu\/wp-json\/wp\/v2\/posts\/3520","targetHints":{"allow":["GET"]}}],"collection":[{"href":"https:\/\/portuigualdad.com\/eu\/wp-json\/wp\/v2\/posts"}],"about":[{"href":"https:\/\/portuigualdad.com\/eu\/wp-json\/wp\/v2\/types\/post"}],"author":[{"embeddable":true,"href":"https:\/\/portuigualdad.com\/eu\/wp-json\/wp\/v2\/users\/1"}],"replies":[{"embeddable":true,"href":"https:\/\/portuigualdad.com\/eu\/wp-json\/wp\/v2\/comments?post=3520"}],"version-history":[{"count":0,"href":"https:\/\/portuigualdad.com\/eu\/wp-json\/wp\/v2\/posts\/3520\/revisions"}],"wp:attachment":[{"href":"https:\/\/portuigualdad.com\/eu\/wp-json\/wp\/v2\/media?parent=3520"}],"wp:term":[{"taxonomy":"category","embeddable":true,"href":"https:\/\/portuigualdad.com\/eu\/wp-json\/wp\/v2\/categories?post=3520"},{"taxonomy":"post_tag","embeddable":true,"href":"https:\/\/portuigualdad.com\/eu\/wp-json\/wp\/v2\/tags?post=3520"}],"curies":[{"name":"wp","href":"https:\/\/api.w.org\/{rel}","templated":true}]}}