{"id":3880,"date":"2018-03-08T11:08:43","date_gmt":"2018-03-08T10:08:43","guid":{"rendered":"https:\/\/tri.gwannon.com\/martxoaren-8a\/"},"modified":"2018-03-08T11:08:43","modified_gmt":"2018-03-08T10:08:43","slug":"martxoaren-8a","status":"publish","type":"post","link":"https:\/\/portuigualdad.com\/eu\/martxoaren-8a\/","title":{"rendered":"MARTXOAREN 8a"},"content":{"rendered":"<p>Martxoaren 8a, Emakumeen Nazioarteko Eguna, dela eta, Portugaleteko Udalak bat egin nahi du gizarteak eta mugimendu feministek egiten dituzten aldarrikapenekin, asmoa delarik, batetik, lan eremuko desberdintasunak salatzea eta, bestetik, erantzukidetasunaren eta zeregin-banaketaren beharra nabarmentzea. Hori dela medio, zuek denok gonbidatu nahi zaituzte bihar, martxoak 8, 12:00etan udaletxe aurrean egingo dugun elkarretaratzera. Elkartzeaz gain, erakundearen manifestua irakurri ere egingo dugu.<\/p>\n<p>Horretaz gain, Udalak dei egin nahi die herritar guztiei eta, bereziki, Portugaleteko gizonei, konpromiso aktiboa eurengana dezaten indarkeria matxistaren kontra jarduteko eta zalantzan jar ditzaten jarrera eta pentsamolde sexista guztiak, oraindik ere guztiz hedatuta baitaude, tamalez, gure gizartean. Funtsezkoa da gizonezkoen zeregin hori, emakumeen eskaeren aldekoa, desberdintasuna dagoen eremu orotan; funtsezkoa eta ezinbestekoa, aldi berean, benetako aldaketa gertatuko bada eta benetan biziko bagara behingoz matxismorik gabeko gizarte batean.<\/p>\n<p>Azkenik, Portugaleteko Udalak gonbit egiten dizue azken Portugaleteko Koadernoa aurkezteko ekitaldira. Koadernoa XX. mendeko emakume portugaletetar ospetsuei buruzkoa da eta, horren aurkezpenarekin batera, omenaldia ere egingo diegu Concha Balparda sopranoari eta Mar\u00eda \u00c1ngeles Guti\u00e9rrez funtzionarioari, Guti\u00e9rrez Portugaleteko Udalaren aurreneko emakume funtzionarioetako bat baita. Ekitaldi hau bihar, martxoak 8, egingo dugu Santa Klara kulturtegian 19:30ean.<\/p>\n<p>Bihotzez eskertuko genizueke etorriko bazinate ekitaldi hauetara, denok elkarrekin egin dezagun gizaki guztiok berdintasunean biziko garen mundu berria.<\/p>\n<p>Mikel Torres<br \/>\nPortugaleteko Alkatea<\/p>\n","protected":false},"excerpt":{"rendered":"<p>Martxoaren 8a, Emakumeen Nazioarteko Eguna, dela eta, Portugaleteko Udalak bat egin nahi du gizarteak eta mugimendu feministek egiten dituzten aldarrikapenekin,&hellip;<\/p>\n","protected":false},"author":1,"featured_media":3803,"comment_status":"closed","ping_status":"closed","sticky":false,"template":"","format":"standard","meta":{"_acf_changed":false,"footnotes":""},"categories":[],"tags":[],"class_list":["post-3880","post","type-post","status-publish","format-standard","has-post-thumbnail","hentry","description-off"],"acf":[],"yoast_head":"<!-- This site is optimized with the Yoast SEO plugin v26.6 - https:\/\/yoast.com\/wordpress\/plugins\/seo\/ -->\n<title>MARTXOAREN 8a - Portuigualdad<\/title>\n<meta name=\"robots\" content=\"index, follow, max-snippet:-1, max-image-preview:large, max-video-preview:-1\" \/>\n<link rel=\"canonical\" href=\"https:\/\/portuigualdad.com\/8-de-marzo\/\" \/>\n<meta property=\"og:locale\" content=\"eu_ES\" \/>\n<meta property=\"og:type\" content=\"article\" \/>\n<meta property=\"og:title\" content=\"MARTXOAREN 8a - Portuigualdad\" \/>\n<meta property=\"og:description\" content=\"Martxoaren 8a, Emakumeen Nazioarteko Eguna, dela eta, Portugaleteko Udalak bat egin nahi du gizarteak eta mugimendu feministek egiten dituzten aldarrikapenekin,&hellip;\" \/>\n<meta property=\"og:url\" content=\"https:\/\/portuigualdad.com\/8-de-marzo\/\" \/>\n<meta property=\"og:site_name\" content=\"Portuigualdad\" \/>\n<meta property=\"article:published_time\" content=\"2018-03-08T10:08:43+00:00\" \/>\n<meta property=\"og:image\" content=\"https:\/\/portuigualdad.com\/wp-content\/uploads\/2017\/02\/logo-portuigualdad-solo-mujer-400x400-1.jpg\" \/>\n\t<meta property=\"og:image:width\" content=\"400\" \/>\n\t<meta property=\"og:image:height\" content=\"400\" \/>\n\t<meta property=\"og:image:type\" content=\"image\/jpeg\" \/>\n<meta name=\"author\" content=\"portu\" \/>\n<meta name=\"twitter:card\" content=\"summary_large_image\" \/>\n<meta name=\"twitter:label1\" content=\"Written by\" \/>\n\t<meta name=\"twitter:data1\" content=\"portu\" \/>\n\t<meta name=\"twitter:label2\" content=\"Est. reading time\" \/>\n\t<meta name=\"twitter:data2\" content=\"1 minute\" \/>\n<script type=\"application\/ld+json\" class=\"yoast-schema-graph\">{\"@context\":\"https:\/\/schema.org\",\"@graph\":[{\"@type\":\"WebPage\",\"@id\":\"https:\/\/portuigualdad.com\/8-de-marzo\/\",\"url\":\"https:\/\/portuigualdad.com\/8-de-marzo\/\",\"name\":\"MARTXOAREN 8a - Portuigualdad\",\"isPartOf\":{\"@id\":\"https:\/\/portuigualdad.com\/#website\"},\"primaryImageOfPage\":{\"@id\":\"https:\/\/portuigualdad.com\/8-de-marzo\/#primaryimage\"},\"image\":{\"@id\":\"https:\/\/portuigualdad.com\/8-de-marzo\/#primaryimage\"},\"thumbnailUrl\":\"https:\/\/portuigualdad.com\/wp-content\/uploads\/2017\/02\/logo-portuigualdad-solo-mujer-400x400-1.jpg\",\"datePublished\":\"2018-03-08T10:08:43+00:00\",\"author\":{\"@id\":\"https:\/\/portuigualdad.com\/#\/schema\/person\/37f980962efe746f5d1ee52ec9b7f7e8\"},\"breadcrumb\":{\"@id\":\"https:\/\/portuigualdad.com\/8-de-marzo\/#breadcrumb\"},\"inLanguage\":\"eu-ES\",\"potentialAction\":[{\"@type\":\"ReadAction\",\"target\":[\"https:\/\/portuigualdad.com\/8-de-marzo\/\"]}]},{\"@type\":\"ImageObject\",\"inLanguage\":\"eu-ES\",\"@id\":\"https:\/\/portuigualdad.com\/8-de-marzo\/#primaryimage\",\"url\":\"https:\/\/portuigualdad.com\/wp-content\/uploads\/2017\/02\/logo-portuigualdad-solo-mujer-400x400-1.jpg\",\"contentUrl\":\"https:\/\/portuigualdad.com\/wp-content\/uploads\/2017\/02\/logo-portuigualdad-solo-mujer-400x400-1.jpg\",\"width\":400,\"height\":400},{\"@type\":\"BreadcrumbList\",\"@id\":\"https:\/\/portuigualdad.com\/8-de-marzo\/#breadcrumb\",\"itemListElement\":[{\"@type\":\"ListItem\",\"position\":1,\"name\":\"Portada\",\"item\":\"https:\/\/portuigualdad.com\/eu\/portada-es\/\"},{\"@type\":\"ListItem\",\"position\":2,\"name\":\"MARTXOAREN 8a\"}]},{\"@type\":\"WebSite\",\"@id\":\"https:\/\/portuigualdad.com\/#website\",\"url\":\"https:\/\/portuigualdad.com\/\",\"name\":\"Portuigualdad\",\"description\":\"\",\"potentialAction\":[{\"@type\":\"SearchAction\",\"target\":{\"@type\":\"EntryPoint\",\"urlTemplate\":\"https:\/\/portuigualdad.com\/?s={search_term_string}\"},\"query-input\":{\"@type\":\"PropertyValueSpecification\",\"valueRequired\":true,\"valueName\":\"search_term_string\"}}],\"inLanguage\":\"eu-ES\"},{\"@type\":\"Person\",\"@id\":\"https:\/\/portuigualdad.com\/#\/schema\/person\/37f980962efe746f5d1ee52ec9b7f7e8\",\"name\":\"portu\",\"image\":{\"@type\":\"ImageObject\",\"inLanguage\":\"eu-ES\",\"@id\":\"https:\/\/portuigualdad.com\/#\/schema\/person\/image\/\",\"url\":\"https:\/\/secure.gravatar.com\/avatar\/1f2964101ce3d20ebe3da1724a01ea3c0a62f07d2f3b3bf00b4c8f170a08e638?s=96&d=mm&r=g\",\"contentUrl\":\"https:\/\/secure.gravatar.com\/avatar\/1f2964101ce3d20ebe3da1724a01ea3c0a62f07d2f3b3bf00b4c8f170a08e638?s=96&d=mm&r=g\",\"caption\":\"portu\"},\"sameAs\":[\"http:\/\/dev.portuigualdad.com\"],\"url\":\"https:\/\/portuigualdad.com\/eu\/author\/portu\/\"}]}<\/script>\n<!-- \/ Yoast SEO plugin. -->","yoast_head_json":{"title":"MARTXOAREN 8a - Portuigualdad","robots":{"index":"index","follow":"follow","max-snippet":"max-snippet:-1","max-image-preview":"max-image-preview:large","max-video-preview":"max-video-preview:-1"},"canonical":"https:\/\/portuigualdad.com\/8-de-marzo\/","og_locale":"eu_ES","og_type":"article","og_title":"MARTXOAREN 8a - Portuigualdad","og_description":"Martxoaren 8a, Emakumeen Nazioarteko Eguna, dela eta, Portugaleteko Udalak bat egin nahi du gizarteak eta mugimendu feministek egiten dituzten aldarrikapenekin,&hellip;","og_url":"https:\/\/portuigualdad.com\/8-de-marzo\/","og_site_name":"Portuigualdad","article_published_time":"2018-03-08T10:08:43+00:00","og_image":[{"width":400,"height":400,"url":"https:\/\/portuigualdad.com\/wp-content\/uploads\/2017\/02\/logo-portuigualdad-solo-mujer-400x400-1.jpg","type":"image\/jpeg"}],"author":"portu","twitter_card":"summary_large_image","twitter_misc":{"Written by":"portu","Est. reading time":"1 minute"},"schema":{"@context":"https:\/\/schema.org","@graph":[{"@type":"WebPage","@id":"https:\/\/portuigualdad.com\/8-de-marzo\/","url":"https:\/\/portuigualdad.com\/8-de-marzo\/","name":"MARTXOAREN 8a - Portuigualdad","isPartOf":{"@id":"https:\/\/portuigualdad.com\/#website"},"primaryImageOfPage":{"@id":"https:\/\/portuigualdad.com\/8-de-marzo\/#primaryimage"},"image":{"@id":"https:\/\/portuigualdad.com\/8-de-marzo\/#primaryimage"},"thumbnailUrl":"https:\/\/portuigualdad.com\/wp-content\/uploads\/2017\/02\/logo-portuigualdad-solo-mujer-400x400-1.jpg","datePublished":"2018-03-08T10:08:43+00:00","author":{"@id":"https:\/\/portuigualdad.com\/#\/schema\/person\/37f980962efe746f5d1ee52ec9b7f7e8"},"breadcrumb":{"@id":"https:\/\/portuigualdad.com\/8-de-marzo\/#breadcrumb"},"inLanguage":"eu-ES","potentialAction":[{"@type":"ReadAction","target":["https:\/\/portuigualdad.com\/8-de-marzo\/"]}]},{"@type":"ImageObject","inLanguage":"eu-ES","@id":"https:\/\/portuigualdad.com\/8-de-marzo\/#primaryimage","url":"https:\/\/portuigualdad.com\/wp-content\/uploads\/2017\/02\/logo-portuigualdad-solo-mujer-400x400-1.jpg","contentUrl":"https:\/\/portuigualdad.com\/wp-content\/uploads\/2017\/02\/logo-portuigualdad-solo-mujer-400x400-1.jpg","width":400,"height":400},{"@type":"BreadcrumbList","@id":"https:\/\/portuigualdad.com\/8-de-marzo\/#breadcrumb","itemListElement":[{"@type":"ListItem","position":1,"name":"Portada","item":"https:\/\/portuigualdad.com\/eu\/portada-es\/"},{"@type":"ListItem","position":2,"name":"MARTXOAREN 8a"}]},{"@type":"WebSite","@id":"https:\/\/portuigualdad.com\/#website","url":"https:\/\/portuigualdad.com\/","name":"Portuigualdad","description":"","potentialAction":[{"@type":"SearchAction","target":{"@type":"EntryPoint","urlTemplate":"https:\/\/portuigualdad.com\/?s={search_term_string}"},"query-input":{"@type":"PropertyValueSpecification","valueRequired":true,"valueName":"search_term_string"}}],"inLanguage":"eu-ES"},{"@type":"Person","@id":"https:\/\/portuigualdad.com\/#\/schema\/person\/37f980962efe746f5d1ee52ec9b7f7e8","name":"portu","image":{"@type":"ImageObject","inLanguage":"eu-ES","@id":"https:\/\/portuigualdad.com\/#\/schema\/person\/image\/","url":"https:\/\/secure.gravatar.com\/avatar\/1f2964101ce3d20ebe3da1724a01ea3c0a62f07d2f3b3bf00b4c8f170a08e638?s=96&d=mm&r=g","contentUrl":"https:\/\/secure.gravatar.com\/avatar\/1f2964101ce3d20ebe3da1724a01ea3c0a62f07d2f3b3bf00b4c8f170a08e638?s=96&d=mm&r=g","caption":"portu"},"sameAs":["http:\/\/dev.portuigualdad.com"],"url":"https:\/\/portuigualdad.com\/eu\/author\/portu\/"}]}},"_links":{"self":[{"href":"https:\/\/portuigualdad.com\/eu\/wp-json\/wp\/v2\/posts\/3880","targetHints":{"allow":["GET"]}}],"collection":[{"href":"https:\/\/portuigualdad.com\/eu\/wp-json\/wp\/v2\/posts"}],"about":[{"href":"https:\/\/portuigualdad.com\/eu\/wp-json\/wp\/v2\/types\/post"}],"author":[{"embeddable":true,"href":"https:\/\/portuigualdad.com\/eu\/wp-json\/wp\/v2\/users\/1"}],"replies":[{"embeddable":true,"href":"https:\/\/portuigualdad.com\/eu\/wp-json\/wp\/v2\/comments?post=3880"}],"version-history":[{"count":0,"href":"https:\/\/portuigualdad.com\/eu\/wp-json\/wp\/v2\/posts\/3880\/revisions"}],"wp:featuredmedia":[{"embeddable":true,"href":"https:\/\/portuigualdad.com\/eu\/wp-json\/wp\/v2\/media\/3803"}],"wp:attachment":[{"href":"https:\/\/portuigualdad.com\/eu\/wp-json\/wp\/v2\/media?parent=3880"}],"wp:term":[{"taxonomy":"category","embeddable":true,"href":"https:\/\/portuigualdad.com\/eu\/wp-json\/wp\/v2\/categories?post=3880"},{"taxonomy":"post_tag","embeddable":true,"href":"https:\/\/portuigualdad.com\/eu\/wp-json\/wp\/v2\/tags?post=3880"}],"curies":[{"name":"wp","href":"https:\/\/api.w.org\/{rel}","templated":true}]}}