{"id":3974,"date":"2019-10-21T12:58:36","date_gmt":"2019-10-21T10:58:36","guid":{"rendered":"https:\/\/tri.gwannon.com\/xviii-berdintasun-jardunaldiak\/"},"modified":"2019-10-21T12:58:36","modified_gmt":"2019-10-21T10:58:36","slug":"xviii-berdintasun-jardunaldiak","status":"publish","type":"post","link":"https:\/\/portuigualdad.com\/eu\/xviii-berdintasun-jardunaldiak\/","title":{"rendered":"XVIII. Berdintasun Jardunaldiak"},"content":{"rendered":"<p>Atsegin handiz iragartzen dugu Portugaleteko Berdintasun Jardunaldien XVIII. edizioa abian dagoela. Azaroaren 15 eta 16an Santa Klara kulturtegian egingo ditugu eta gurekin egotea nahi genuke.<\/p>\n<p><strong>&#8220;Emakumeen arteko sareak eta aliantzak. Igarotzeko eta lotzeko guneak&#8221;<\/strong> izenburupeko topaketa honek bi alderdi hauexek landuko ditu: batetik, emakumeen artean sareak eraikitzea bai politika publikoetan bai gainerako gizarte- eta kultura-esparruetan eragina izateko eta ekintza zehatzak mahairatzeko, eta bestetik, elkar ezagutzeko tokiak izatea, harreman positiboak egiteko baita xede jakin bati begira antolatzeko ere. Hamabigarren edizio honetan, jardunaldiak bi egun bereizitan antolatu ditugu:<\/p>\n<p>Azaroaren 15ean (ostirala) <strong>herritarrentzat irekitako saio bat dugu<\/strong>. Bertan, generoan aipu oneko hizlariak eta adituak izango ditugu hizlari, hala nola Pilar P\u00e9rez-Fuentes, Alicia Suso, Patricia Mart\u00ednez, Delicia Aguado edo Zuri\u00f1e Rodr\u00edguez. Haiekin ikuspuntu feministaz eraldaketa sozialari begira sareak, aliantzak eta bilguneak eraikitzearen garrantziaz eztabaidatuko dugu.<\/p>\n<p>Azaroaren 16an (larunbata), aldiz, <strong>berdintasunaren eta emakumeen aldeko Portugaleteko kolektiboei beren-beregi zuzendutako saio bat<\/strong> izango dugu. Hain zuzen, haiei gonbit egiten zaie herrian balizko emakumeen etxe batez gogoeta egiteko. Adimen kolektiboaren ariketaren aurretik, martxan dauden hiru etxeren jardunak eta esperientziak ezagutuko ditugu. Etxeak honako hauek dira: <a href=\"https:\/\/berdintasuna.basauri.eus\/index.php\/es\/\" target=\"_blank\" rel=\"noopener\"><strong style=\"color: #e2007a;\">Marienea<\/strong><\/a> (Basaurikoa),\u00a0<a href=\"http:\/\/mujeresdelmundobabel.org\/\" target=\"_blank\" rel=\"noopener\"><strong style=\"color: #e2007a;\">Mujeres del Mundo<\/strong><\/a> (Bilbokoa) eta Emakumen Etxea (Ermua).<\/p>\n<p><center><a class=\"more-link\" style=\"font-family: 'Droid Sans', Arial, Verdana, sans-serif; font-weight: bold; float: none;\" href=\"https:\/\/portuigualdad.com\/2019\/10\/21\/xviii-berdintasun-jardunaldiak\/portuigualdad_2019\/\" target=\"_blank\" rel=\"noopener\">EGITARAU OSOA IKUSI<\/a><\/center>Plaza-kopurua mugatua da bi jardunaldietarako. Hori dela eta, eskatzen dizugu izen-ematea\u00a0<strong>azaroaren 12a baino lehenago<\/strong> egin dezazula <a href=\"https:\/\/docs.google.com\/forms\/d\/e\/1FAIpQLSd3jyNPQFDVV6O0Q3kDIQQMjEUCbtfIuQRQeM5oK1LvLC6-ZA\/viewform?usp=sf_link\" target=\"_blank\" rel=\"noopener\"><strong style=\"color: #e2007a;\">formulario hau betez<\/strong><\/a>. Erreserba ere egin\u00a0dezakezu <a href=\"mailto:bienestar@portugalete.org\" target=\"_blank\" rel=\"noopener\"><strong style=\"color: #e2007a;\">bienestar@portugalete.org<\/strong><\/a> helbidera mezu bat bidaliz edo 94 4729212 telefonora\u00a0deituz.<\/p>\n<p style=\"text-align: center;\"><strong>OHARRA<\/strong><\/p>\n<p>Berdintasunaren aldeko kolektibo baten kidea bazara edo Portugaleten bizi den emakume bat bazara, animatu nahi zaitugu bost <a href=\"https:\/\/docs.google.com\/forms\/d\/e\/1FAIpQLSetunL3cyzmft0yZeVmkiVhDX9Ki-2D-naHV9xgku-ZAx8-Dw\/viewform\" target=\"_blank\" rel=\"noopener\"><strong style=\"color: #e2007a;\">galdera erraz hauei erantzutera<\/strong><\/a> jakiteko nola irudikatzen duzun Portugaleten Emakumeen Etxe bat. Beste <a href=\"https:\/\/docs.google.com\/forms\/d\/e\/1FAIpQLSetunL3cyzmft0yZeVmkiVhDX9Ki-2D-naHV9xgku-ZAx8-Dw\/viewanalytics\" target=\"_blank\" rel=\"noopener\"><strong style=\"color: #e2007a;\">pertsona batzuen erantzunak ikusiko dituzu, hemen sakatuz gero<\/strong><\/a>,<\/p>\n<p>Ez galdu ezer. Jarraitu sare sozialetan eta mintzatu gurekin <strong>#PortuIgualdad<\/strong> traolean.<\/p>\n<p>Zu etortzea espero dugu!<\/p>\n","protected":false},"excerpt":{"rendered":"<p>Atsegin handiz iragartzen dugu Portugaleteko Berdintasun Jardunaldien XVIII. edizioa abian dagoela. Azaroaren 15 eta 16an Santa Klara kulturtegian egingo ditugu&hellip;<\/p>\n","protected":false},"author":1,"featured_media":3975,"comment_status":"closed","ping_status":"closed","sticky":false,"template":"","format":"standard","meta":{"_acf_changed":false,"footnotes":""},"categories":[],"tags":[],"class_list":["post-3974","post","type-post","status-publish","format-standard","has-post-thumbnail","hentry","description-off"],"acf":[],"yoast_head":"<!-- This site is optimized with the Yoast SEO plugin v26.6 - https:\/\/yoast.com\/wordpress\/plugins\/seo\/ -->\n<title>XVIII. Berdintasun Jardunaldiak - Portuigualdad<\/title>\n<meta name=\"robots\" content=\"index, follow, max-snippet:-1, max-image-preview:large, max-video-preview:-1\" \/>\n<link rel=\"canonical\" href=\"https:\/\/portuigualdad.com\/eu\/xviii-berdintasun-jardunaldiak\/\" \/>\n<meta property=\"og:locale\" content=\"eu_ES\" \/>\n<meta property=\"og:type\" content=\"article\" \/>\n<meta property=\"og:title\" content=\"XVIII. Berdintasun Jardunaldiak - Portuigualdad\" \/>\n<meta property=\"og:description\" content=\"Atsegin handiz iragartzen dugu Portugaleteko Berdintasun Jardunaldien XVIII. edizioa abian dagoela. Azaroaren 15 eta 16an Santa Klara kulturtegian egingo ditugu&hellip;\" \/>\n<meta property=\"og:url\" content=\"https:\/\/portuigualdad.com\/eu\/xviii-berdintasun-jardunaldiak\/\" \/>\n<meta property=\"og:site_name\" content=\"Portuigualdad\" \/>\n<meta property=\"article:published_time\" content=\"2019-10-21T10:58:36+00:00\" \/>\n<meta property=\"og:image\" content=\"https:\/\/portuigualdad.com\/wp-content\/uploads\/2019\/10\/PortuIgualdad_web.png\" \/>\n\t<meta property=\"og:image:width\" content=\"685\" \/>\n\t<meta property=\"og:image:height\" content=\"336\" \/>\n\t<meta property=\"og:image:type\" content=\"image\/png\" \/>\n<meta name=\"author\" content=\"portu\" \/>\n<meta name=\"twitter:card\" content=\"summary_large_image\" \/>\n<meta name=\"twitter:label1\" content=\"Written by\" \/>\n\t<meta name=\"twitter:data1\" content=\"portu\" \/>\n\t<meta name=\"twitter:label2\" content=\"Est. reading time\" \/>\n\t<meta name=\"twitter:data2\" content=\"1 minute\" \/>\n<script type=\"application\/ld+json\" class=\"yoast-schema-graph\">{\"@context\":\"https:\/\/schema.org\",\"@graph\":[{\"@type\":\"WebPage\",\"@id\":\"https:\/\/portuigualdad.com\/eu\/xviii-berdintasun-jardunaldiak\/\",\"url\":\"https:\/\/portuigualdad.com\/eu\/xviii-berdintasun-jardunaldiak\/\",\"name\":\"XVIII. Berdintasun Jardunaldiak - Portuigualdad\",\"isPartOf\":{\"@id\":\"https:\/\/portuigualdad.com\/#website\"},\"primaryImageOfPage\":{\"@id\":\"https:\/\/portuigualdad.com\/eu\/xviii-berdintasun-jardunaldiak\/#primaryimage\"},\"image\":{\"@id\":\"https:\/\/portuigualdad.com\/eu\/xviii-berdintasun-jardunaldiak\/#primaryimage\"},\"thumbnailUrl\":\"https:\/\/portuigualdad.com\/wp-content\/uploads\/2019\/10\/PortuIgualdad_web.png\",\"datePublished\":\"2019-10-21T10:58:36+00:00\",\"author\":{\"@id\":\"https:\/\/portuigualdad.com\/#\/schema\/person\/37f980962efe746f5d1ee52ec9b7f7e8\"},\"breadcrumb\":{\"@id\":\"https:\/\/portuigualdad.com\/eu\/xviii-berdintasun-jardunaldiak\/#breadcrumb\"},\"inLanguage\":\"eu-ES\",\"potentialAction\":[{\"@type\":\"ReadAction\",\"target\":[\"https:\/\/portuigualdad.com\/eu\/xviii-berdintasun-jardunaldiak\/\"]}]},{\"@type\":\"ImageObject\",\"inLanguage\":\"eu-ES\",\"@id\":\"https:\/\/portuigualdad.com\/eu\/xviii-berdintasun-jardunaldiak\/#primaryimage\",\"url\":\"https:\/\/portuigualdad.com\/wp-content\/uploads\/2019\/10\/PortuIgualdad_web.png\",\"contentUrl\":\"https:\/\/portuigualdad.com\/wp-content\/uploads\/2019\/10\/PortuIgualdad_web.png\",\"width\":685,\"height\":336},{\"@type\":\"BreadcrumbList\",\"@id\":\"https:\/\/portuigualdad.com\/eu\/xviii-berdintasun-jardunaldiak\/#breadcrumb\",\"itemListElement\":[{\"@type\":\"ListItem\",\"position\":1,\"name\":\"Portada\",\"item\":\"https:\/\/portuigualdad.com\/eu\/portada-es\/\"},{\"@type\":\"ListItem\",\"position\":2,\"name\":\"XVIII. Berdintasun Jardunaldiak\"}]},{\"@type\":\"WebSite\",\"@id\":\"https:\/\/portuigualdad.com\/#website\",\"url\":\"https:\/\/portuigualdad.com\/\",\"name\":\"Portuigualdad\",\"description\":\"\",\"potentialAction\":[{\"@type\":\"SearchAction\",\"target\":{\"@type\":\"EntryPoint\",\"urlTemplate\":\"https:\/\/portuigualdad.com\/?s={search_term_string}\"},\"query-input\":{\"@type\":\"PropertyValueSpecification\",\"valueRequired\":true,\"valueName\":\"search_term_string\"}}],\"inLanguage\":\"eu-ES\"},{\"@type\":\"Person\",\"@id\":\"https:\/\/portuigualdad.com\/#\/schema\/person\/37f980962efe746f5d1ee52ec9b7f7e8\",\"name\":\"portu\",\"image\":{\"@type\":\"ImageObject\",\"inLanguage\":\"eu-ES\",\"@id\":\"https:\/\/portuigualdad.com\/#\/schema\/person\/image\/\",\"url\":\"https:\/\/secure.gravatar.com\/avatar\/1f2964101ce3d20ebe3da1724a01ea3c0a62f07d2f3b3bf00b4c8f170a08e638?s=96&d=mm&r=g\",\"contentUrl\":\"https:\/\/secure.gravatar.com\/avatar\/1f2964101ce3d20ebe3da1724a01ea3c0a62f07d2f3b3bf00b4c8f170a08e638?s=96&d=mm&r=g\",\"caption\":\"portu\"},\"sameAs\":[\"http:\/\/dev.portuigualdad.com\"],\"url\":\"https:\/\/portuigualdad.com\/eu\/author\/portu\/\"}]}<\/script>\n<!-- \/ Yoast SEO plugin. -->","yoast_head_json":{"title":"XVIII. Berdintasun Jardunaldiak - Portuigualdad","robots":{"index":"index","follow":"follow","max-snippet":"max-snippet:-1","max-image-preview":"max-image-preview:large","max-video-preview":"max-video-preview:-1"},"canonical":"https:\/\/portuigualdad.com\/eu\/xviii-berdintasun-jardunaldiak\/","og_locale":"eu_ES","og_type":"article","og_title":"XVIII. Berdintasun Jardunaldiak - Portuigualdad","og_description":"Atsegin handiz iragartzen dugu Portugaleteko Berdintasun Jardunaldien XVIII. edizioa abian dagoela. Azaroaren 15 eta 16an Santa Klara kulturtegian egingo ditugu&hellip;","og_url":"https:\/\/portuigualdad.com\/eu\/xviii-berdintasun-jardunaldiak\/","og_site_name":"Portuigualdad","article_published_time":"2019-10-21T10:58:36+00:00","og_image":[{"width":685,"height":336,"url":"https:\/\/portuigualdad.com\/wp-content\/uploads\/2019\/10\/PortuIgualdad_web.png","type":"image\/png"}],"author":"portu","twitter_card":"summary_large_image","twitter_misc":{"Written by":"portu","Est. reading time":"1 minute"},"schema":{"@context":"https:\/\/schema.org","@graph":[{"@type":"WebPage","@id":"https:\/\/portuigualdad.com\/eu\/xviii-berdintasun-jardunaldiak\/","url":"https:\/\/portuigualdad.com\/eu\/xviii-berdintasun-jardunaldiak\/","name":"XVIII. Berdintasun Jardunaldiak - Portuigualdad","isPartOf":{"@id":"https:\/\/portuigualdad.com\/#website"},"primaryImageOfPage":{"@id":"https:\/\/portuigualdad.com\/eu\/xviii-berdintasun-jardunaldiak\/#primaryimage"},"image":{"@id":"https:\/\/portuigualdad.com\/eu\/xviii-berdintasun-jardunaldiak\/#primaryimage"},"thumbnailUrl":"https:\/\/portuigualdad.com\/wp-content\/uploads\/2019\/10\/PortuIgualdad_web.png","datePublished":"2019-10-21T10:58:36+00:00","author":{"@id":"https:\/\/portuigualdad.com\/#\/schema\/person\/37f980962efe746f5d1ee52ec9b7f7e8"},"breadcrumb":{"@id":"https:\/\/portuigualdad.com\/eu\/xviii-berdintasun-jardunaldiak\/#breadcrumb"},"inLanguage":"eu-ES","potentialAction":[{"@type":"ReadAction","target":["https:\/\/portuigualdad.com\/eu\/xviii-berdintasun-jardunaldiak\/"]}]},{"@type":"ImageObject","inLanguage":"eu-ES","@id":"https:\/\/portuigualdad.com\/eu\/xviii-berdintasun-jardunaldiak\/#primaryimage","url":"https:\/\/portuigualdad.com\/wp-content\/uploads\/2019\/10\/PortuIgualdad_web.png","contentUrl":"https:\/\/portuigualdad.com\/wp-content\/uploads\/2019\/10\/PortuIgualdad_web.png","width":685,"height":336},{"@type":"BreadcrumbList","@id":"https:\/\/portuigualdad.com\/eu\/xviii-berdintasun-jardunaldiak\/#breadcrumb","itemListElement":[{"@type":"ListItem","position":1,"name":"Portada","item":"https:\/\/portuigualdad.com\/eu\/portada-es\/"},{"@type":"ListItem","position":2,"name":"XVIII. Berdintasun Jardunaldiak"}]},{"@type":"WebSite","@id":"https:\/\/portuigualdad.com\/#website","url":"https:\/\/portuigualdad.com\/","name":"Portuigualdad","description":"","potentialAction":[{"@type":"SearchAction","target":{"@type":"EntryPoint","urlTemplate":"https:\/\/portuigualdad.com\/?s={search_term_string}"},"query-input":{"@type":"PropertyValueSpecification","valueRequired":true,"valueName":"search_term_string"}}],"inLanguage":"eu-ES"},{"@type":"Person","@id":"https:\/\/portuigualdad.com\/#\/schema\/person\/37f980962efe746f5d1ee52ec9b7f7e8","name":"portu","image":{"@type":"ImageObject","inLanguage":"eu-ES","@id":"https:\/\/portuigualdad.com\/#\/schema\/person\/image\/","url":"https:\/\/secure.gravatar.com\/avatar\/1f2964101ce3d20ebe3da1724a01ea3c0a62f07d2f3b3bf00b4c8f170a08e638?s=96&d=mm&r=g","contentUrl":"https:\/\/secure.gravatar.com\/avatar\/1f2964101ce3d20ebe3da1724a01ea3c0a62f07d2f3b3bf00b4c8f170a08e638?s=96&d=mm&r=g","caption":"portu"},"sameAs":["http:\/\/dev.portuigualdad.com"],"url":"https:\/\/portuigualdad.com\/eu\/author\/portu\/"}]}},"_links":{"self":[{"href":"https:\/\/portuigualdad.com\/eu\/wp-json\/wp\/v2\/posts\/3974","targetHints":{"allow":["GET"]}}],"collection":[{"href":"https:\/\/portuigualdad.com\/eu\/wp-json\/wp\/v2\/posts"}],"about":[{"href":"https:\/\/portuigualdad.com\/eu\/wp-json\/wp\/v2\/types\/post"}],"author":[{"embeddable":true,"href":"https:\/\/portuigualdad.com\/eu\/wp-json\/wp\/v2\/users\/1"}],"replies":[{"embeddable":true,"href":"https:\/\/portuigualdad.com\/eu\/wp-json\/wp\/v2\/comments?post=3974"}],"version-history":[{"count":0,"href":"https:\/\/portuigualdad.com\/eu\/wp-json\/wp\/v2\/posts\/3974\/revisions"}],"wp:featuredmedia":[{"embeddable":true,"href":"https:\/\/portuigualdad.com\/eu\/wp-json\/wp\/v2\/media\/3975"}],"wp:attachment":[{"href":"https:\/\/portuigualdad.com\/eu\/wp-json\/wp\/v2\/media?parent=3974"}],"wp:term":[{"taxonomy":"category","embeddable":true,"href":"https:\/\/portuigualdad.com\/eu\/wp-json\/wp\/v2\/categories?post=3974"},{"taxonomy":"post_tag","embeddable":true,"href":"https:\/\/portuigualdad.com\/eu\/wp-json\/wp\/v2\/tags?post=3974"}],"curies":[{"name":"wp","href":"https:\/\/api.w.org\/{rel}","templated":true}]}}