{"id":4084,"date":"2020-11-25T14:29:52","date_gmt":"2020-11-25T13:29:52","guid":{"rendered":"https:\/\/tri.gwannon.com\/azaroaren-25eko-adierazpen-instituzionala-2\/"},"modified":"2020-11-25T14:29:52","modified_gmt":"2020-11-25T13:29:52","slug":"azaroaren-25eko-adierazpen-instituzionala-2","status":"publish","type":"post","link":"https:\/\/portuigualdad.com\/eu\/azaroaren-25eko-adierazpen-instituzionala-2\/","title":{"rendered":"Azaroaren 25eko adierazpen instituzionala"},"content":{"rendered":"<p><iframe loading=\"lazy\" title=\"Manifiesto 25N, Portugalete\" width=\"1200\" height=\"675\" src=\"https:\/\/www.youtube.com\/embed\/ot0D3zi2LOM?feature=oembed\" frameborder=\"0\" allow=\"accelerometer; autoplay; clipboard-write; encrypted-media; gyroscope; picture-in-picture; web-share\" referrerpolicy=\"strict-origin-when-cross-origin\" allowfullscreen><\/iframe><\/p>\n<p><strong>Adierazpen instituzionalaren atarikoa<\/strong><\/p>\n<p>El\u00a0<a href=\"https:\/\/es.wikipedia.org\/wiki\/25_de_noviembre\">25 de noviembre<\/a>\u00a0de\u00a0<a href=\"https:\/\/es.wikipedia.org\/wiki\/1960\">1960<\/a>,\u00a0en la\u00a0<a href=\"https:\/\/es.wikipedia.org\/wiki\/Rep%C3%BAblica_Dominicana\">Rep\u00fablica Dominicana<\/a>,\u00a0por \u00f3rdenes del dictador\u00a0<a href=\"https:\/\/es.wikipedia.org\/wiki\/Rafael_Le%C3%B3nidas_Trujillo\">Rafael Le\u00f3nidas Trujillo<\/a>,\u00a0fueron asesinadas tres activistas pol\u00edticas:\u00a0las hermanas Patria, Minerva y Mar\u00eda Teresa Mirabal.<\/p>\n<p>M\u00e1s de veinte a\u00f1os despu\u00e9s, en\u00a0<a href=\"https:\/\/es.wikipedia.org\/wiki\/1981\">1981<\/a>, en su recuerdo, comenz\u00f3 a conmemorarse este d\u00eda\u00a0en toda Am\u00e9rica Latina.<\/p>\n<p>Y dieciocho a\u00f1os m\u00e1s tarde, en 1999, la Asamblea General de las\u00a0<a href=\"https:\/\/es.wikipedia.org\/wiki\/Organizaci%C3%B3n_de_las_Naciones_Unidas\">Naciones Unidas<\/a>\u00a0design\u00f3 el\u00a025 de noviembre\u00a0como el\u00a0D\u00eda Internacional de la Eliminaci\u00f3n de la Violencia contra la Mujer.<\/p>\n<p>Desde entonces as\u00ed viene conmemor\u00e1ndose\u00a0tambi\u00e9n en Europa y en el resto del mundo.<\/p>\n<p>Eta jakina, hemen, Portugaleten ere bai.<\/p>\n<p>Portugaleten, Berdintasun Batzorde Mistoak eta udalkideek urteak daramatzate, egunari esangura eman nahian, elkarretaratzeak eta beste hainbat jarduera parte-hartzaile antolatzen eta burutzen.<\/p>\n<p>En Portugalete, la Comisi\u00f3n Mixta de Igualdad y la propia Corporaci\u00f3n, desu\u00e9s de a\u00f1os de actos p\u00fablicos conmemorativos y reivindicativos en esta fecha, no querr\u00edan que en este 2020, a pesar de las circunstancias, el 25 de Noviembre pasase inadvertido.<\/p>\n<p>Horrexegatik erabaki dugu aurten ere ekitaldi publiko hau egitea eta urtero legez, adierazpen instituzionala irakurriko dugu, jendaurrean irakurri ere.<\/p>\n<p>Leeremos, pues, la declaraci\u00f3n institucional, con motivo del 25 de Noviembre, propuesta por Eudel, Asociaci\u00f3n de Municipios Vascos, para sumarnos a las voces de otros municipios y hacer as\u00ed que se oiga con m\u00e1s fuerza nuestra reivindicaci\u00f3n contra todas las violencias que sufren las mujeres.<\/p>\n<p>Emakumeek pairatzen dituzten indarkeria mota guztien kontra, beraz, gure konpromiso irmoa agertu nahian, hona hemen adierazpen instituzionala.<\/p>\n<p>&nbsp;<\/p>\n","protected":false},"excerpt":{"rendered":"<p>Adierazpen instituzionalaren atarikoa El\u00a025 de noviembre\u00a0de\u00a01960,\u00a0en la\u00a0Rep\u00fablica Dominicana,\u00a0por \u00f3rdenes del dictador\u00a0Rafael Le\u00f3nidas Trujillo,\u00a0fueron asesinadas tres activistas pol\u00edticas:\u00a0las hermanas Patria, Minerva&hellip;<\/p>\n","protected":false},"author":1,"featured_media":3962,"comment_status":"closed","ping_status":"closed","sticky":false,"template":"","format":"standard","meta":{"_acf_changed":false,"footnotes":""},"categories":[],"tags":[],"class_list":["post-4084","post","type-post","status-publish","format-standard","has-post-thumbnail","hentry","description-off"],"acf":[],"yoast_head":"<!-- This site is optimized with the Yoast SEO plugin v26.6 - https:\/\/yoast.com\/wordpress\/plugins\/seo\/ -->\n<title>Azaroaren 25eko adierazpen instituzionala - Portuigualdad<\/title>\n<meta name=\"robots\" content=\"index, follow, max-snippet:-1, max-image-preview:large, max-video-preview:-1\" \/>\n<link rel=\"canonical\" href=\"https:\/\/portuigualdad.com\/eu\/azaroaren-25eko-adierazpen-instituzionala-2\/\" \/>\n<meta property=\"og:locale\" content=\"eu_ES\" \/>\n<meta property=\"og:type\" content=\"article\" \/>\n<meta property=\"og:title\" content=\"Azaroaren 25eko adierazpen instituzionala - Portuigualdad\" \/>\n<meta property=\"og:description\" content=\"Adierazpen instituzionalaren atarikoa El\u00a025 de noviembre\u00a0de\u00a01960,\u00a0en la\u00a0Rep\u00fablica Dominicana,\u00a0por \u00f3rdenes del dictador\u00a0Rafael Le\u00f3nidas Trujillo,\u00a0fueron asesinadas tres activistas pol\u00edticas:\u00a0las hermanas Patria, Minerva&hellip;\" \/>\n<meta property=\"og:url\" content=\"https:\/\/portuigualdad.com\/eu\/azaroaren-25eko-adierazpen-instituzionala-2\/\" \/>\n<meta property=\"og:site_name\" content=\"Portuigualdad\" \/>\n<meta property=\"article:published_time\" content=\"2020-11-25T13:29:52+00:00\" \/>\n<meta property=\"og:image\" content=\"https:\/\/portuigualdad.com\/wp-content\/uploads\/2019\/08\/banner_650x330.png\" \/>\n\t<meta property=\"og:image:width\" content=\"650\" \/>\n\t<meta property=\"og:image:height\" content=\"331\" \/>\n\t<meta property=\"og:image:type\" content=\"image\/png\" \/>\n<meta name=\"author\" content=\"portu\" \/>\n<meta name=\"twitter:card\" content=\"summary_large_image\" \/>\n<meta name=\"twitter:label1\" content=\"Written by\" \/>\n\t<meta name=\"twitter:data1\" content=\"portu\" \/>\n\t<meta name=\"twitter:label2\" content=\"Est. reading time\" \/>\n\t<meta name=\"twitter:data2\" content=\"1 minute\" \/>\n<script type=\"application\/ld+json\" class=\"yoast-schema-graph\">{\"@context\":\"https:\/\/schema.org\",\"@graph\":[{\"@type\":\"WebPage\",\"@id\":\"https:\/\/portuigualdad.com\/eu\/azaroaren-25eko-adierazpen-instituzionala-2\/\",\"url\":\"https:\/\/portuigualdad.com\/eu\/azaroaren-25eko-adierazpen-instituzionala-2\/\",\"name\":\"Azaroaren 25eko adierazpen instituzionala - Portuigualdad\",\"isPartOf\":{\"@id\":\"https:\/\/portuigualdad.com\/#website\"},\"primaryImageOfPage\":{\"@id\":\"https:\/\/portuigualdad.com\/eu\/azaroaren-25eko-adierazpen-instituzionala-2\/#primaryimage\"},\"image\":{\"@id\":\"https:\/\/portuigualdad.com\/eu\/azaroaren-25eko-adierazpen-instituzionala-2\/#primaryimage\"},\"thumbnailUrl\":\"https:\/\/portuigualdad.com\/wp-content\/uploads\/2019\/08\/banner_650x330.png\",\"datePublished\":\"2020-11-25T13:29:52+00:00\",\"author\":{\"@id\":\"https:\/\/portuigualdad.com\/#\/schema\/person\/37f980962efe746f5d1ee52ec9b7f7e8\"},\"breadcrumb\":{\"@id\":\"https:\/\/portuigualdad.com\/eu\/azaroaren-25eko-adierazpen-instituzionala-2\/#breadcrumb\"},\"inLanguage\":\"eu-ES\",\"potentialAction\":[{\"@type\":\"ReadAction\",\"target\":[\"https:\/\/portuigualdad.com\/eu\/azaroaren-25eko-adierazpen-instituzionala-2\/\"]}]},{\"@type\":\"ImageObject\",\"inLanguage\":\"eu-ES\",\"@id\":\"https:\/\/portuigualdad.com\/eu\/azaroaren-25eko-adierazpen-instituzionala-2\/#primaryimage\",\"url\":\"https:\/\/portuigualdad.com\/wp-content\/uploads\/2019\/08\/banner_650x330.png\",\"contentUrl\":\"https:\/\/portuigualdad.com\/wp-content\/uploads\/2019\/08\/banner_650x330.png\",\"width\":650,\"height\":331},{\"@type\":\"BreadcrumbList\",\"@id\":\"https:\/\/portuigualdad.com\/eu\/azaroaren-25eko-adierazpen-instituzionala-2\/#breadcrumb\",\"itemListElement\":[{\"@type\":\"ListItem\",\"position\":1,\"name\":\"Portada\",\"item\":\"https:\/\/portuigualdad.com\/eu\/portada-es\/\"},{\"@type\":\"ListItem\",\"position\":2,\"name\":\"Azaroaren 25eko adierazpen instituzionala\"}]},{\"@type\":\"WebSite\",\"@id\":\"https:\/\/portuigualdad.com\/#website\",\"url\":\"https:\/\/portuigualdad.com\/\",\"name\":\"Portuigualdad\",\"description\":\"\",\"potentialAction\":[{\"@type\":\"SearchAction\",\"target\":{\"@type\":\"EntryPoint\",\"urlTemplate\":\"https:\/\/portuigualdad.com\/?s={search_term_string}\"},\"query-input\":{\"@type\":\"PropertyValueSpecification\",\"valueRequired\":true,\"valueName\":\"search_term_string\"}}],\"inLanguage\":\"eu-ES\"},{\"@type\":\"Person\",\"@id\":\"https:\/\/portuigualdad.com\/#\/schema\/person\/37f980962efe746f5d1ee52ec9b7f7e8\",\"name\":\"portu\",\"image\":{\"@type\":\"ImageObject\",\"inLanguage\":\"eu-ES\",\"@id\":\"https:\/\/portuigualdad.com\/#\/schema\/person\/image\/\",\"url\":\"https:\/\/secure.gravatar.com\/avatar\/1f2964101ce3d20ebe3da1724a01ea3c0a62f07d2f3b3bf00b4c8f170a08e638?s=96&d=mm&r=g\",\"contentUrl\":\"https:\/\/secure.gravatar.com\/avatar\/1f2964101ce3d20ebe3da1724a01ea3c0a62f07d2f3b3bf00b4c8f170a08e638?s=96&d=mm&r=g\",\"caption\":\"portu\"},\"sameAs\":[\"http:\/\/dev.portuigualdad.com\"],\"url\":\"https:\/\/portuigualdad.com\/eu\/author\/portu\/\"}]}<\/script>\n<!-- \/ Yoast SEO plugin. -->","yoast_head_json":{"title":"Azaroaren 25eko adierazpen instituzionala - Portuigualdad","robots":{"index":"index","follow":"follow","max-snippet":"max-snippet:-1","max-image-preview":"max-image-preview:large","max-video-preview":"max-video-preview:-1"},"canonical":"https:\/\/portuigualdad.com\/eu\/azaroaren-25eko-adierazpen-instituzionala-2\/","og_locale":"eu_ES","og_type":"article","og_title":"Azaroaren 25eko adierazpen instituzionala - Portuigualdad","og_description":"Adierazpen instituzionalaren atarikoa El\u00a025 de noviembre\u00a0de\u00a01960,\u00a0en la\u00a0Rep\u00fablica Dominicana,\u00a0por \u00f3rdenes del dictador\u00a0Rafael Le\u00f3nidas Trujillo,\u00a0fueron asesinadas tres activistas pol\u00edticas:\u00a0las hermanas Patria, Minerva&hellip;","og_url":"https:\/\/portuigualdad.com\/eu\/azaroaren-25eko-adierazpen-instituzionala-2\/","og_site_name":"Portuigualdad","article_published_time":"2020-11-25T13:29:52+00:00","og_image":[{"width":650,"height":331,"url":"https:\/\/portuigualdad.com\/wp-content\/uploads\/2019\/08\/banner_650x330.png","type":"image\/png"}],"author":"portu","twitter_card":"summary_large_image","twitter_misc":{"Written by":"portu","Est. reading time":"1 minute"},"schema":{"@context":"https:\/\/schema.org","@graph":[{"@type":"WebPage","@id":"https:\/\/portuigualdad.com\/eu\/azaroaren-25eko-adierazpen-instituzionala-2\/","url":"https:\/\/portuigualdad.com\/eu\/azaroaren-25eko-adierazpen-instituzionala-2\/","name":"Azaroaren 25eko adierazpen instituzionala - Portuigualdad","isPartOf":{"@id":"https:\/\/portuigualdad.com\/#website"},"primaryImageOfPage":{"@id":"https:\/\/portuigualdad.com\/eu\/azaroaren-25eko-adierazpen-instituzionala-2\/#primaryimage"},"image":{"@id":"https:\/\/portuigualdad.com\/eu\/azaroaren-25eko-adierazpen-instituzionala-2\/#primaryimage"},"thumbnailUrl":"https:\/\/portuigualdad.com\/wp-content\/uploads\/2019\/08\/banner_650x330.png","datePublished":"2020-11-25T13:29:52+00:00","author":{"@id":"https:\/\/portuigualdad.com\/#\/schema\/person\/37f980962efe746f5d1ee52ec9b7f7e8"},"breadcrumb":{"@id":"https:\/\/portuigualdad.com\/eu\/azaroaren-25eko-adierazpen-instituzionala-2\/#breadcrumb"},"inLanguage":"eu-ES","potentialAction":[{"@type":"ReadAction","target":["https:\/\/portuigualdad.com\/eu\/azaroaren-25eko-adierazpen-instituzionala-2\/"]}]},{"@type":"ImageObject","inLanguage":"eu-ES","@id":"https:\/\/portuigualdad.com\/eu\/azaroaren-25eko-adierazpen-instituzionala-2\/#primaryimage","url":"https:\/\/portuigualdad.com\/wp-content\/uploads\/2019\/08\/banner_650x330.png","contentUrl":"https:\/\/portuigualdad.com\/wp-content\/uploads\/2019\/08\/banner_650x330.png","width":650,"height":331},{"@type":"BreadcrumbList","@id":"https:\/\/portuigualdad.com\/eu\/azaroaren-25eko-adierazpen-instituzionala-2\/#breadcrumb","itemListElement":[{"@type":"ListItem","position":1,"name":"Portada","item":"https:\/\/portuigualdad.com\/eu\/portada-es\/"},{"@type":"ListItem","position":2,"name":"Azaroaren 25eko adierazpen instituzionala"}]},{"@type":"WebSite","@id":"https:\/\/portuigualdad.com\/#website","url":"https:\/\/portuigualdad.com\/","name":"Portuigualdad","description":"","potentialAction":[{"@type":"SearchAction","target":{"@type":"EntryPoint","urlTemplate":"https:\/\/portuigualdad.com\/?s={search_term_string}"},"query-input":{"@type":"PropertyValueSpecification","valueRequired":true,"valueName":"search_term_string"}}],"inLanguage":"eu-ES"},{"@type":"Person","@id":"https:\/\/portuigualdad.com\/#\/schema\/person\/37f980962efe746f5d1ee52ec9b7f7e8","name":"portu","image":{"@type":"ImageObject","inLanguage":"eu-ES","@id":"https:\/\/portuigualdad.com\/#\/schema\/person\/image\/","url":"https:\/\/secure.gravatar.com\/avatar\/1f2964101ce3d20ebe3da1724a01ea3c0a62f07d2f3b3bf00b4c8f170a08e638?s=96&d=mm&r=g","contentUrl":"https:\/\/secure.gravatar.com\/avatar\/1f2964101ce3d20ebe3da1724a01ea3c0a62f07d2f3b3bf00b4c8f170a08e638?s=96&d=mm&r=g","caption":"portu"},"sameAs":["http:\/\/dev.portuigualdad.com"],"url":"https:\/\/portuigualdad.com\/eu\/author\/portu\/"}]}},"_links":{"self":[{"href":"https:\/\/portuigualdad.com\/eu\/wp-json\/wp\/v2\/posts\/4084","targetHints":{"allow":["GET"]}}],"collection":[{"href":"https:\/\/portuigualdad.com\/eu\/wp-json\/wp\/v2\/posts"}],"about":[{"href":"https:\/\/portuigualdad.com\/eu\/wp-json\/wp\/v2\/types\/post"}],"author":[{"embeddable":true,"href":"https:\/\/portuigualdad.com\/eu\/wp-json\/wp\/v2\/users\/1"}],"replies":[{"embeddable":true,"href":"https:\/\/portuigualdad.com\/eu\/wp-json\/wp\/v2\/comments?post=4084"}],"version-history":[{"count":0,"href":"https:\/\/portuigualdad.com\/eu\/wp-json\/wp\/v2\/posts\/4084\/revisions"}],"wp:featuredmedia":[{"embeddable":true,"href":"https:\/\/portuigualdad.com\/eu\/wp-json\/wp\/v2\/media\/3962"}],"wp:attachment":[{"href":"https:\/\/portuigualdad.com\/eu\/wp-json\/wp\/v2\/media?parent=4084"}],"wp:term":[{"taxonomy":"category","embeddable":true,"href":"https:\/\/portuigualdad.com\/eu\/wp-json\/wp\/v2\/categories?post=4084"},{"taxonomy":"post_tag","embeddable":true,"href":"https:\/\/portuigualdad.com\/eu\/wp-json\/wp\/v2\/tags?post=4084"}],"curies":[{"name":"wp","href":"https:\/\/api.w.org\/{rel}","templated":true}]}}