{"id":4251,"date":"2024-09-26T11:35:07","date_gmt":"2024-09-26T09:35:07","guid":{"rendered":"https:\/\/tri.gwannon.com\/portugaleteko-berdintasun-jardunaldiei-hasiera-emango-zaie-ana-bernal-trivino-eta-towanda-rebelsen-parte-hartzearekin\/"},"modified":"2024-09-26T11:35:07","modified_gmt":"2024-09-26T09:35:07","slug":"portugaleteko-berdintasun-jardunaldiei-hasiera-emango-zaie-ana-bernal-trivino-eta-towanda-rebelsen-parte-hartzearekin","status":"publish","type":"post","link":"https:\/\/portuigualdad.com\/eu\/portugaleteko-berdintasun-jardunaldiei-hasiera-emango-zaie-ana-bernal-trivino-eta-towanda-rebelsen-parte-hartzearekin\/","title":{"rendered":"PORTUGALETEKO BERDINTASUN JARDUNALDIEI HASIERA EMANGO ZAIE ANA BERNAL-TRIVI\u00d1O ETA TOWANDA REBELSEN PARTE-HARTZEAREKIN"},"content":{"rendered":"<style>\n.boton {<br \/>  display:flex;<br \/>  justify-content:center;<br \/>  align-items:center;<br \/>  text-decoration:none;<br \/>  font-family:monospace;<br \/>  font-size:30px;<br \/>  font-weight:bold;<br \/>  height:auto;<br \/>  width:auto;<br \/>  padding:25px 25px 25px 25px;<br \/>  color:#ffffff;<br \/>  background-color:#e2007a;<br \/>  border-radius:10px 10px 10px 10px;<br \/>  transition:all 0.3s;<br \/>  text-transform: uppercase;<br \/>}<\/p>\n<p>.boton:hover{<br \/>color:#ffffff<br \/>background-color:#333333<br \/>}<br \/><\/style>\n<p>Mar\u00eda Jos\u00e9 Blanco Gavieiro Portugaleteko alkateak irailaren 24an eginiko prentsaurrekoan XXIII. Berdintasun Jardunaldien edizioa aurkeztu du. Urriaren 18 eta 19an izango dira Santa Klara kulturtegian.<\/p>\n<p><center><br \/>\n<a class=\"button\" style=\"text-transform: uppercase; font-family: 'Droid Sans', Arial, Verdana, sans-serif; font-weight: bold;\" href=\"https:\/\/docs.google.com\/forms\/d\/160CgSSyEB4HOJor_k1B1rtBJOTq24mQ343uPtdmktFk\/viewform?edit_requested=true\">Hemen eman dezakezu zure izena<\/a><\/center>&#8220;<em>Berdintasun-guneak, ahots eraldatzaileak lelopean jardunaldi hauek ezinbesteko eztabaida-leku dira feminismoaren gaurko erronkez gogoeta egiteko eta benetako aldaketa erreala bultzatzen duten estrategiak ezartzeko. Horren ildotik, berdintasun-guneak inoizkorik funtsezkoenak direla argi dago gizarte bidezko eta berdinzaleago baterantz aurrera egingo badugu. Portugaletek historia egin du Emakumeen Etxea sortuz. Jardunaldiotan ez diogu aurrerapen honi soilik balio eman nahi izango, berdintasun-gune horiek aztertu nahi baititugu eraldaketa sozialerako estrategia gako gisara<\/em>\u201d, alkateak esan duen bezala.<\/p>\n<p><span style=\"text-decoration: underline;\">Urriaren 18an (ostirala)<\/span> <strong>Ana Bernal-Trivi\u00f1o<\/strong> Kataluniako Unibertsitate Irekiko irakasle eta kazetariak inaugurazio-hitzaldia emango du izenburua hauxe delarik: \u201c<em><strong>Tradwives y la nueva ola patriarcal; movimientos que desaf\u00edan el avance feminista<\/strong><\/em>\u201d. Ondoren, <strong>Towanda Rebels<\/strong> ekintzaile feministek sexu-zapalkuntza digitalaren era berrietan sakonduko dute \u201cLa prostituci\u00f3n se reinventa. Nuevas caras de una explotaci\u00f3n invisible\u201d izenburupeko hitzaldian.<\/p>\n<p>Goizari amaiera emateko eztabaidatzeko mahaia izango da gaia hauxe izanik: Emakumeen Etxeen balio eraldatzailea aldaketa sozialerako estrategia gako gisara. Mahaian hauexek izango dira parte-hartzaileak: <strong>Luciana Alfaro Lavado<\/strong>, Euskal Herriko elkarte feminista eta antirrazisten kidea;<strong> Edurne Pujana Deba<\/strong> eta <strong>Elena Rinc\u00f3n Zubeldia<\/strong>, Donostiako Emakumeen Etxekoak eta <strong>Nuncy Gomez Garcia<\/strong>, Portugaleteko Emakumeen Etxekoa. Mar\u00eda Jos\u00e9 Blancok azpimarra egin duenez, \u201cBidatzenea sortu da ekintzailetza feminista sendotzeko eta politika publikoetan aldaketak eragiteko proposamenak sortzeko gune gako bat izateko helburuz. Helburu zehatza du, alegia, benetako berdintasun iraunkor horren eraikitze horretan eragina izatea.<\/p>\n<p><span style=\"text-decoration: underline;\">Urriaren 19an (larunbata<\/span>) egitarauak hiru aldibereko mintegi izango ditu feminismoaren arlo desberdinetako adituek gidatuta. <strong>Delicia Aguado Pel\u00e1ez<\/strong> Aradia Kooperatibako ikertzaile eta trebatzailea dugu parte-hartze politiko eta sozialean. Ikus-entzunezkoek nola iraunarazten dituzten estereotipo sexistak aztertuko du baita nola bultzatzen duten bortxaketa-kulturaren normalizazioa. Hitzaldiak hauxe dakar izenburutzat: \u201c\u00bfQu\u00e9 papel tiene la ficci\u00f3n audiovisual en la (re)producci\u00f3n de la cultura de la violaci\u00f3n?\u201d.<\/p>\n<p><strong>Nahia Itxausti Intxausti<\/strong> EHUko irakasle eta ikertzailearen mintegiaren izenburua hauxe dugu: \u201cMinbizia ikuspegi feminista batetik: bizipenak eta esanahiak\u201d. Ikuskera feministatik minbiziaren bizikizunez eta esanahiez mintzatuko da. Hitzaldia euskaraz izango da eta aldibereko itzulpena izango du.<\/p>\n<p><strong>Norma V\u00e1zquez Garc\u00eda<\/strong> Sortzen Consultor\u00edako psikoterapeuta feminista eta zuzendariak \u201cViolencia sexual: an\u00e1lisis contextual y claves para la intervenci\u00f3n\u201d mintegia emango du. Bertan, indarkeria sexualaren kasuetan esku-hartzerako gidalerroak emango ditu.<\/p>\n<p>Kafea hartzeko atsedenaldiaren ostean ondorioez berba egiteko bateratze-saio bat egongo da. Hiru hizlariek gaien arteko uztardurez hitz egingo dute eta bertaratuek parte hartzeko aukera ere izango dute.<\/p>\n<p>Jardunaldiei amaiera emango dien Mar\u00eda Jos\u00e9 Blanco alkateak azpimarra egin du \u201c<em>Portugaleteko Udalaren berdintasunarekiko konpromisoa irmo eta sendoa dela eta horrelaxe erakusten ari garela egunero gure politika publikoetan. Hogeita hiru edizioren ostean erreferentzia bilakatutako jardunaldi hauek aukera ezin hobea dira ikusgarritasuna lortzeko eta gizarte modura astintzen gaituzten gaiak eztabaidatzeko ere. Izan ere, horrek guztiak emakume eta gizonen arteko desberdintasunak areagotu ere egiten ditu. Ildo honetan lan egitea behar estrategikoa da eskubideetan aurrera egiteko eta gizarte bidezko nahiz lotuago bat eraikitzeko baita gizatasun handiagokoa eta sozialki garatuagoa ere<\/em>\u201d.<\/p>\n<p>Jardunaldien aurkezpena Arantxa Sainz de Murieta Sainz kazetariak egingo du. Aitzitik, mintegietan Berdintasunaren Batzorde Mistoko kideak moderatzaile arituko dira.<\/p>\n<p>Portugaleteko XXIII Berdintasun Jardunaldietara bertaratzeko plazak mugatuak dira. Inskripzioa doakoa da. Interesdunek izena eman beharko dute bide hauexek erabilita: www.portuigualdad.com webgunean, 94 472 91 68 telefonora deituz edo <a href=\"mailto:bidatzenea@portugalete.org\" target=\"_blank\" rel=\"noopener\">bidatzenea@portugalete.org<\/a> helbidera mezua bidaliz.<\/p>\n<p><center><br \/>\n<a class=\"button\" style=\"text-transform: uppercase; font-family: 'Droid Sans', Arial, Verdana, sans-serif; font-weight: bold;\" href=\"https:\/\/docs.google.com\/forms\/d\/160CgSSyEB4HOJor_k1B1rtBJOTq24mQ343uPtdmktFk\/viewform?edit_requested=true\">Hemen eman dezakezu zure izena<\/a><\/center><\/p>\n","protected":false},"excerpt":{"rendered":"<p>Mar\u00eda Jos\u00e9 Blanco Gavieiro Portugaleteko alkateak irailaren 24an eginiko prentsaurrekoan XXIII. Berdintasun Jardunaldien edizioa aurkeztu du. Urriaren 18 eta 19an&hellip;<\/p>\n","protected":false},"author":1,"featured_media":4252,"comment_status":"closed","ping_status":"closed","sticky":false,"template":"","format":"standard","meta":{"_acf_changed":false,"footnotes":""},"categories":[],"tags":[],"class_list":["post-4251","post","type-post","status-publish","format-standard","has-post-thumbnail","hentry","description-off"],"acf":[],"yoast_head":"<!-- This site is optimized with the Yoast SEO plugin v26.6 - https:\/\/yoast.com\/wordpress\/plugins\/seo\/ -->\n<title>PORTUGALETEKO BERDINTASUN JARDUNALDIEI HASIERA EMANGO ZAIE ANA BERNAL-TRIVI\u00d1O ETA TOWANDA REBELSEN PARTE-HARTZEAREKIN - Portuigualdad<\/title>\n<meta name=\"robots\" content=\"index, follow, max-snippet:-1, max-image-preview:large, max-video-preview:-1\" \/>\n<link rel=\"canonical\" href=\"https:\/\/portuigualdad.com\/eu\/portugaleteko-berdintasun-jardunaldiei-hasiera-emango-zaie-ana-bernal-trivino-eta-towanda-rebelsen-parte-hartzearekin\/\" \/>\n<meta property=\"og:locale\" content=\"eu_ES\" \/>\n<meta property=\"og:type\" content=\"article\" \/>\n<meta property=\"og:title\" content=\"PORTUGALETEKO BERDINTASUN JARDUNALDIEI HASIERA EMANGO ZAIE ANA BERNAL-TRIVI\u00d1O ETA TOWANDA REBELSEN PARTE-HARTZEAREKIN - Portuigualdad\" \/>\n<meta property=\"og:description\" content=\"Mar\u00eda Jos\u00e9 Blanco Gavieiro Portugaleteko alkateak irailaren 24an eginiko prentsaurrekoan XXIII. Berdintasun Jardunaldien edizioa aurkeztu du. Urriaren 18 eta 19an&hellip;\" \/>\n<meta property=\"og:url\" content=\"https:\/\/portuigualdad.com\/eu\/portugaleteko-berdintasun-jardunaldiei-hasiera-emango-zaie-ana-bernal-trivino-eta-towanda-rebelsen-parte-hartzearekin\/\" \/>\n<meta property=\"og:site_name\" content=\"Portuigualdad\" \/>\n<meta property=\"article:published_time\" content=\"2024-09-26T09:35:07+00:00\" \/>\n<meta property=\"og:image\" content=\"https:\/\/portuigualdad.com\/wp-content\/uploads\/2024\/09\/Twiter_XXIII-JORNADAS-DE-IGUALDAD-2024-1024x512-1-scaled.jpg\" \/>\n\t<meta property=\"og:image:width\" content=\"2560\" \/>\n\t<meta property=\"og:image:height\" content=\"1280\" \/>\n\t<meta property=\"og:image:type\" content=\"image\/jpeg\" \/>\n<meta name=\"author\" content=\"portu\" \/>\n<meta name=\"twitter:card\" content=\"summary_large_image\" \/>\n<meta name=\"twitter:label1\" content=\"Written by\" \/>\n\t<meta name=\"twitter:data1\" content=\"portu\" \/>\n\t<meta name=\"twitter:label2\" content=\"Est. reading time\" \/>\n\t<meta name=\"twitter:data2\" content=\"3 minutes\" \/>\n<script type=\"application\/ld+json\" class=\"yoast-schema-graph\">{\"@context\":\"https:\/\/schema.org\",\"@graph\":[{\"@type\":\"WebPage\",\"@id\":\"https:\/\/portuigualdad.com\/eu\/portugaleteko-berdintasun-jardunaldiei-hasiera-emango-zaie-ana-bernal-trivino-eta-towanda-rebelsen-parte-hartzearekin\/\",\"url\":\"https:\/\/portuigualdad.com\/eu\/portugaleteko-berdintasun-jardunaldiei-hasiera-emango-zaie-ana-bernal-trivino-eta-towanda-rebelsen-parte-hartzearekin\/\",\"name\":\"PORTUGALETEKO BERDINTASUN JARDUNALDIEI HASIERA EMANGO ZAIE ANA BERNAL-TRIVI\u00d1O ETA TOWANDA REBELSEN PARTE-HARTZEAREKIN - Portuigualdad\",\"isPartOf\":{\"@id\":\"https:\/\/portuigualdad.com\/#website\"},\"primaryImageOfPage\":{\"@id\":\"https:\/\/portuigualdad.com\/eu\/portugaleteko-berdintasun-jardunaldiei-hasiera-emango-zaie-ana-bernal-trivino-eta-towanda-rebelsen-parte-hartzearekin\/#primaryimage\"},\"image\":{\"@id\":\"https:\/\/portuigualdad.com\/eu\/portugaleteko-berdintasun-jardunaldiei-hasiera-emango-zaie-ana-bernal-trivino-eta-towanda-rebelsen-parte-hartzearekin\/#primaryimage\"},\"thumbnailUrl\":\"https:\/\/portuigualdad.com\/wp-content\/uploads\/2024\/09\/Twiter_XXIII-JORNADAS-DE-IGUALDAD-2024-1024x512-1-scaled.jpg\",\"datePublished\":\"2024-09-26T09:35:07+00:00\",\"author\":{\"@id\":\"https:\/\/portuigualdad.com\/#\/schema\/person\/37f980962efe746f5d1ee52ec9b7f7e8\"},\"breadcrumb\":{\"@id\":\"https:\/\/portuigualdad.com\/eu\/portugaleteko-berdintasun-jardunaldiei-hasiera-emango-zaie-ana-bernal-trivino-eta-towanda-rebelsen-parte-hartzearekin\/#breadcrumb\"},\"inLanguage\":\"eu-ES\",\"potentialAction\":[{\"@type\":\"ReadAction\",\"target\":[\"https:\/\/portuigualdad.com\/eu\/portugaleteko-berdintasun-jardunaldiei-hasiera-emango-zaie-ana-bernal-trivino-eta-towanda-rebelsen-parte-hartzearekin\/\"]}]},{\"@type\":\"ImageObject\",\"inLanguage\":\"eu-ES\",\"@id\":\"https:\/\/portuigualdad.com\/eu\/portugaleteko-berdintasun-jardunaldiei-hasiera-emango-zaie-ana-bernal-trivino-eta-towanda-rebelsen-parte-hartzearekin\/#primaryimage\",\"url\":\"https:\/\/portuigualdad.com\/wp-content\/uploads\/2024\/09\/Twiter_XXIII-JORNADAS-DE-IGUALDAD-2024-1024x512-1-scaled.jpg\",\"contentUrl\":\"https:\/\/portuigualdad.com\/wp-content\/uploads\/2024\/09\/Twiter_XXIII-JORNADAS-DE-IGUALDAD-2024-1024x512-1-scaled.jpg\",\"width\":2560,\"height\":1280},{\"@type\":\"BreadcrumbList\",\"@id\":\"https:\/\/portuigualdad.com\/eu\/portugaleteko-berdintasun-jardunaldiei-hasiera-emango-zaie-ana-bernal-trivino-eta-towanda-rebelsen-parte-hartzearekin\/#breadcrumb\",\"itemListElement\":[{\"@type\":\"ListItem\",\"position\":1,\"name\":\"Portada\",\"item\":\"https:\/\/portuigualdad.com\/eu\/portada-es\/\"},{\"@type\":\"ListItem\",\"position\":2,\"name\":\"PORTUGALETEKO BERDINTASUN JARDUNALDIEI HASIERA EMANGO ZAIE ANA BERNAL-TRIVI\u00d1O ETA TOWANDA REBELSEN PARTE-HARTZEAREKIN\"}]},{\"@type\":\"WebSite\",\"@id\":\"https:\/\/portuigualdad.com\/#website\",\"url\":\"https:\/\/portuigualdad.com\/\",\"name\":\"Portuigualdad\",\"description\":\"\",\"potentialAction\":[{\"@type\":\"SearchAction\",\"target\":{\"@type\":\"EntryPoint\",\"urlTemplate\":\"https:\/\/portuigualdad.com\/?s={search_term_string}\"},\"query-input\":{\"@type\":\"PropertyValueSpecification\",\"valueRequired\":true,\"valueName\":\"search_term_string\"}}],\"inLanguage\":\"eu-ES\"},{\"@type\":\"Person\",\"@id\":\"https:\/\/portuigualdad.com\/#\/schema\/person\/37f980962efe746f5d1ee52ec9b7f7e8\",\"name\":\"portu\",\"image\":{\"@type\":\"ImageObject\",\"inLanguage\":\"eu-ES\",\"@id\":\"https:\/\/portuigualdad.com\/#\/schema\/person\/image\/\",\"url\":\"https:\/\/secure.gravatar.com\/avatar\/1f2964101ce3d20ebe3da1724a01ea3c0a62f07d2f3b3bf00b4c8f170a08e638?s=96&d=mm&r=g\",\"contentUrl\":\"https:\/\/secure.gravatar.com\/avatar\/1f2964101ce3d20ebe3da1724a01ea3c0a62f07d2f3b3bf00b4c8f170a08e638?s=96&d=mm&r=g\",\"caption\":\"portu\"},\"sameAs\":[\"http:\/\/dev.portuigualdad.com\"],\"url\":\"https:\/\/portuigualdad.com\/eu\/author\/portu\/\"}]}<\/script>\n<!-- \/ Yoast SEO plugin. -->","yoast_head_json":{"title":"PORTUGALETEKO BERDINTASUN JARDUNALDIEI HASIERA EMANGO ZAIE ANA BERNAL-TRIVI\u00d1O ETA TOWANDA REBELSEN PARTE-HARTZEAREKIN - Portuigualdad","robots":{"index":"index","follow":"follow","max-snippet":"max-snippet:-1","max-image-preview":"max-image-preview:large","max-video-preview":"max-video-preview:-1"},"canonical":"https:\/\/portuigualdad.com\/eu\/portugaleteko-berdintasun-jardunaldiei-hasiera-emango-zaie-ana-bernal-trivino-eta-towanda-rebelsen-parte-hartzearekin\/","og_locale":"eu_ES","og_type":"article","og_title":"PORTUGALETEKO BERDINTASUN JARDUNALDIEI HASIERA EMANGO ZAIE ANA BERNAL-TRIVI\u00d1O ETA TOWANDA REBELSEN PARTE-HARTZEAREKIN - Portuigualdad","og_description":"Mar\u00eda Jos\u00e9 Blanco Gavieiro Portugaleteko alkateak irailaren 24an eginiko prentsaurrekoan XXIII. Berdintasun Jardunaldien edizioa aurkeztu du. Urriaren 18 eta 19an&hellip;","og_url":"https:\/\/portuigualdad.com\/eu\/portugaleteko-berdintasun-jardunaldiei-hasiera-emango-zaie-ana-bernal-trivino-eta-towanda-rebelsen-parte-hartzearekin\/","og_site_name":"Portuigualdad","article_published_time":"2024-09-26T09:35:07+00:00","og_image":[{"width":2560,"height":1280,"url":"https:\/\/portuigualdad.com\/wp-content\/uploads\/2024\/09\/Twiter_XXIII-JORNADAS-DE-IGUALDAD-2024-1024x512-1-scaled.jpg","type":"image\/jpeg"}],"author":"portu","twitter_card":"summary_large_image","twitter_misc":{"Written by":"portu","Est. reading time":"3 minutes"},"schema":{"@context":"https:\/\/schema.org","@graph":[{"@type":"WebPage","@id":"https:\/\/portuigualdad.com\/eu\/portugaleteko-berdintasun-jardunaldiei-hasiera-emango-zaie-ana-bernal-trivino-eta-towanda-rebelsen-parte-hartzearekin\/","url":"https:\/\/portuigualdad.com\/eu\/portugaleteko-berdintasun-jardunaldiei-hasiera-emango-zaie-ana-bernal-trivino-eta-towanda-rebelsen-parte-hartzearekin\/","name":"PORTUGALETEKO BERDINTASUN JARDUNALDIEI HASIERA EMANGO ZAIE ANA BERNAL-TRIVI\u00d1O ETA TOWANDA REBELSEN PARTE-HARTZEAREKIN - Portuigualdad","isPartOf":{"@id":"https:\/\/portuigualdad.com\/#website"},"primaryImageOfPage":{"@id":"https:\/\/portuigualdad.com\/eu\/portugaleteko-berdintasun-jardunaldiei-hasiera-emango-zaie-ana-bernal-trivino-eta-towanda-rebelsen-parte-hartzearekin\/#primaryimage"},"image":{"@id":"https:\/\/portuigualdad.com\/eu\/portugaleteko-berdintasun-jardunaldiei-hasiera-emango-zaie-ana-bernal-trivino-eta-towanda-rebelsen-parte-hartzearekin\/#primaryimage"},"thumbnailUrl":"https:\/\/portuigualdad.com\/wp-content\/uploads\/2024\/09\/Twiter_XXIII-JORNADAS-DE-IGUALDAD-2024-1024x512-1-scaled.jpg","datePublished":"2024-09-26T09:35:07+00:00","author":{"@id":"https:\/\/portuigualdad.com\/#\/schema\/person\/37f980962efe746f5d1ee52ec9b7f7e8"},"breadcrumb":{"@id":"https:\/\/portuigualdad.com\/eu\/portugaleteko-berdintasun-jardunaldiei-hasiera-emango-zaie-ana-bernal-trivino-eta-towanda-rebelsen-parte-hartzearekin\/#breadcrumb"},"inLanguage":"eu-ES","potentialAction":[{"@type":"ReadAction","target":["https:\/\/portuigualdad.com\/eu\/portugaleteko-berdintasun-jardunaldiei-hasiera-emango-zaie-ana-bernal-trivino-eta-towanda-rebelsen-parte-hartzearekin\/"]}]},{"@type":"ImageObject","inLanguage":"eu-ES","@id":"https:\/\/portuigualdad.com\/eu\/portugaleteko-berdintasun-jardunaldiei-hasiera-emango-zaie-ana-bernal-trivino-eta-towanda-rebelsen-parte-hartzearekin\/#primaryimage","url":"https:\/\/portuigualdad.com\/wp-content\/uploads\/2024\/09\/Twiter_XXIII-JORNADAS-DE-IGUALDAD-2024-1024x512-1-scaled.jpg","contentUrl":"https:\/\/portuigualdad.com\/wp-content\/uploads\/2024\/09\/Twiter_XXIII-JORNADAS-DE-IGUALDAD-2024-1024x512-1-scaled.jpg","width":2560,"height":1280},{"@type":"BreadcrumbList","@id":"https:\/\/portuigualdad.com\/eu\/portugaleteko-berdintasun-jardunaldiei-hasiera-emango-zaie-ana-bernal-trivino-eta-towanda-rebelsen-parte-hartzearekin\/#breadcrumb","itemListElement":[{"@type":"ListItem","position":1,"name":"Portada","item":"https:\/\/portuigualdad.com\/eu\/portada-es\/"},{"@type":"ListItem","position":2,"name":"PORTUGALETEKO BERDINTASUN JARDUNALDIEI HASIERA EMANGO ZAIE ANA BERNAL-TRIVI\u00d1O ETA TOWANDA REBELSEN PARTE-HARTZEAREKIN"}]},{"@type":"WebSite","@id":"https:\/\/portuigualdad.com\/#website","url":"https:\/\/portuigualdad.com\/","name":"Portuigualdad","description":"","potentialAction":[{"@type":"SearchAction","target":{"@type":"EntryPoint","urlTemplate":"https:\/\/portuigualdad.com\/?s={search_term_string}"},"query-input":{"@type":"PropertyValueSpecification","valueRequired":true,"valueName":"search_term_string"}}],"inLanguage":"eu-ES"},{"@type":"Person","@id":"https:\/\/portuigualdad.com\/#\/schema\/person\/37f980962efe746f5d1ee52ec9b7f7e8","name":"portu","image":{"@type":"ImageObject","inLanguage":"eu-ES","@id":"https:\/\/portuigualdad.com\/#\/schema\/person\/image\/","url":"https:\/\/secure.gravatar.com\/avatar\/1f2964101ce3d20ebe3da1724a01ea3c0a62f07d2f3b3bf00b4c8f170a08e638?s=96&d=mm&r=g","contentUrl":"https:\/\/secure.gravatar.com\/avatar\/1f2964101ce3d20ebe3da1724a01ea3c0a62f07d2f3b3bf00b4c8f170a08e638?s=96&d=mm&r=g","caption":"portu"},"sameAs":["http:\/\/dev.portuigualdad.com"],"url":"https:\/\/portuigualdad.com\/eu\/author\/portu\/"}]}},"_links":{"self":[{"href":"https:\/\/portuigualdad.com\/eu\/wp-json\/wp\/v2\/posts\/4251","targetHints":{"allow":["GET"]}}],"collection":[{"href":"https:\/\/portuigualdad.com\/eu\/wp-json\/wp\/v2\/posts"}],"about":[{"href":"https:\/\/portuigualdad.com\/eu\/wp-json\/wp\/v2\/types\/post"}],"author":[{"embeddable":true,"href":"https:\/\/portuigualdad.com\/eu\/wp-json\/wp\/v2\/users\/1"}],"replies":[{"embeddable":true,"href":"https:\/\/portuigualdad.com\/eu\/wp-json\/wp\/v2\/comments?post=4251"}],"version-history":[{"count":0,"href":"https:\/\/portuigualdad.com\/eu\/wp-json\/wp\/v2\/posts\/4251\/revisions"}],"wp:featuredmedia":[{"embeddable":true,"href":"https:\/\/portuigualdad.com\/eu\/wp-json\/wp\/v2\/media\/4252"}],"wp:attachment":[{"href":"https:\/\/portuigualdad.com\/eu\/wp-json\/wp\/v2\/media?parent=4251"}],"wp:term":[{"taxonomy":"category","embeddable":true,"href":"https:\/\/portuigualdad.com\/eu\/wp-json\/wp\/v2\/categories?post=4251"},{"taxonomy":"post_tag","embeddable":true,"href":"https:\/\/portuigualdad.com\/eu\/wp-json\/wp\/v2\/tags?post=4251"}],"curies":[{"name":"wp","href":"https:\/\/api.w.org\/{rel}","templated":true}]}}